{"id":56719,"date":"2026-09-04T10:21:46","date_gmt":"2026-09-04T14:21:46","guid":{"rendered":"https:\/\/www.anoregmt.org.br\/novo\/?p=56719"},"modified":"2026-09-04T10:21:46","modified_gmt":"2026-09-04T14:21:46","slug":"1o-oficio-de-sorriso-recebe-equipe-tecnica-da-corregedoria","status":"publish","type":"post","link":"https:\/\/www.anoregmt.org.br\/novo\/1o-oficio-de-sorriso-recebe-equipe-tecnica-da-corregedoria\/","title":{"rendered":"1\u00ba Of\u00edcio de Sorriso recebe equipe t\u00e9cnica da Corregedoria"},"content":{"rendered":"<p><img loading=\"lazy\" decoding=\"async\" class=\"aligncenter wp-image-56720 size-full\" src=\"https:\/\/images.anoregmt.org.br\/955a00a2a7e1478d89b1bbc7a669f517:anoregmt\/2026\/09\/IMG-20260904-WA0016.jpg\" alt=\"\" width=\"1280\" height=\"960\" srcset=\"https:\/\/images.anoregmt.org.br\/955a00a2a7e1478d89b1bbc7a669f517:anoregmt\/2026\/09\/IMG-20260904-WA0016-300x225.jpg 300w, https:\/\/images.anoregmt.org.br\/955a00a2a7e1478d89b1bbc7a669f517:anoregmt\/2026\/09\/IMG-20260904-WA0016-1024x768.jpg 1024w, https:\/\/images.anoregmt.org.br\/955a00a2a7e1478d89b1bbc7a669f517:anoregmt\/2026\/09\/IMG-20260904-WA0016-768x576.jpg 768w, https:\/\/images.anoregmt.org.br\/955a00a2a7e1478d89b1bbc7a669f517:anoregmt\/2026\/09\/IMG-20260904-WA0016.jpg 1280w\" sizes=\"auto, (max-width: 1280px) 100vw, 1280px\" \/><\/p>\n<p>&nbsp;<\/p>\n<p style=\"text-align: justify;\">Na \u00faltima ter\u00e7a-feira, 1\u00ba de setembro de 2026, em cumprimento \u00e0s Portarias TJMT\/CGJ n\u00bas 79 e 88\/2026-GAB-CGJ\/MT, de 31 de julho de 2026 e 24 de agosto de 2026, respectivamente, o Cart\u00f3rio do 1\u00ba Of\u00edcio da Comarca de Sorriso \u2013 MT recebeu a visita da equipe t\u00e9cnica da Corregedoria-Geral da Justi\u00e7a do Estado de Mato Grosso.<\/p>\n<p style=\"text-align: justify;\">Na ocasi\u00e3o, estiveram presentes o Desembargador Jos\u00e9 Luiz Leite Lindote e os servidores Vin\u00edcius Coelho do Prado, Fernando Jorge Amorim, Idirlayne Beatriz Almeida Santos, Nilcemeire dos Santos Vilela, Joaquim Pedro Campelo Concei\u00e7\u00e3o e Yasmin Meira Pelegrini, sob a coordena\u00e7\u00e3o da Dra. Myrian Pavan Schenkel e da assessora Aline Bottezel da Rosa.<\/p>\n<p style=\"text-align: justify;\">A visita teve por finalidade a realiza\u00e7\u00e3o de inspe\u00e7\u00e3o dos atos praticados pela serventia, bem como a verifica\u00e7\u00e3o da presta\u00e7\u00e3o de contas e da cobran\u00e7a de emolumentos, em observ\u00e2ncia \u00e0s determina\u00e7\u00f5es da Corregedoria-Geral da Justi\u00e7a do Estado de Mato Grosso.<\/p>\n<p style=\"text-align: justify;\">Para o titular da serventia, Haroldo Canavarros Serra, a correi\u00e7\u00e3o \u00e9 um momento fundamental para a garantia da qualidade dos servi\u00e7os entregues \u00e0 sociedade:<\/p>\n<p style=\"text-align: justify;\">\u201cA fiscaliza\u00e7\u00e3o cont\u00ednua exercida pelo Poder Judici\u00e1rio, conforme preconiza o artigo 236 da nossa Constitui\u00e7\u00e3o Federal, \u00e9 o pilar que sustenta a credibilidade e a seguran\u00e7a jur\u00eddica da atividade notarial e registral. Muito al\u00e9m de cumprir uma exig\u00eancia constitucional, a presen\u00e7a da Corregedoria-Geral em nossa serventia \u00e9 recebida como uma valiosa oportunidade de aprimoramento institucional. O trabalho t\u00e9cnico e orientativo conduzido pelo Desembargador Jos\u00e9 Luiz Leite Lindote, pela Dra. Myrian e por toda a equipe da CGJ atesta a transpar\u00eancia das nossas rotinas e garante \u00e0 popula\u00e7\u00e3o de Sorriso que os servi\u00e7os prestados pelo 1\u00ba Of\u00edcio seguem os mais rigorosos padr\u00f5es de excel\u00eancia e legalidade.\u201d<\/p>\n<p style=\"text-align: justify;\"><em>Fonte: 1\u00ba Of\u00edcio de Sorriso<\/em><\/p>\n","protected":false},"excerpt":{"rendered":"<p>&nbsp; Na \u00faltima ter\u00e7a-feira, 1\u00ba de setembro de 2026, em cumprimento \u00e0s Portarias TJMT\/CGJ n\u00bas 79 e 88\/2026-GAB-CGJ\/MT, de 31 de julho de 2026 e 24 de agosto de 2026, respectivamente, o Cart\u00f3rio do 1\u00ba Of\u00edcio da Comarca de Sorriso &hellip;<\/p>\n","protected":false},"author":3,"featured_media":56720,"comment_status":"closed","ping_status":"closed","sticky":false,"template":"","format":"standard","meta":{"footnotes":""},"categories":[1],"tags":[],"class_list":["post-56719","post","type-post","status-publish","format-standard","has-post-thumbnail","hentry","category-noticias"],"_links":{"self":[{"href":"https:\/\/www.anoregmt.org.br\/novo\/wp-json\/wp\/v2\/posts\/56719","targetHints":{"allow":["GET"]}}],"collection":[{"href":"https:\/\/www.anoregmt.org.br\/novo\/wp-json\/wp\/v2\/posts"}],"about":[{"href":"https:\/\/www.anoregmt.org.br\/novo\/wp-json\/wp\/v2\/types\/post"}],"author":[{"embeddable":true,"href":"https:\/\/www.anoregmt.org.br\/novo\/wp-json\/wp\/v2\/users\/3"}],"replies":[{"embeddable":true,"href":"https:\/\/www.anoregmt.org.br\/novo\/wp-json\/wp\/v2\/comments?post=56719"}],"version-history":[{"count":1,"href":"https:\/\/www.anoregmt.org.br\/novo\/wp-json\/wp\/v2\/posts\/56719\/revisions"}],"predecessor-version":[{"id":56722,"href":"https:\/\/www.anoregmt.org.br\/novo\/wp-json\/wp\/v2\/posts\/56719\/revisions\/56722"}],"wp:featuredmedia":[{"embeddable":true,"href":"https:\/\/www.anoregmt.org.br\/novo\/wp-json\/wp\/v2\/media\/56720"}],"wp:attachment":[{"href":"https:\/\/www.anoregmt.org.br\/novo\/wp-json\/wp\/v2\/media?parent=56719"}],"wp:term":[{"taxonomy":"category","embeddable":true,"href":"https:\/\/www.anoregmt.org.br\/novo\/wp-json\/wp\/v2\/categories?post=56719"},{"taxonomy":"post_tag","embeddable":true,"href":"https:\/\/www.anoregmt.org.br\/novo\/wp-json\/wp\/v2\/tags?post=56719"}],"curies":[{"name":"wp","href":"https:\/\/api.w.org\/{rel}","templated":true}]}}