{"id":56711,"date":"2026-09-03T13:34:04","date_gmt":"2026-09-03T17:34:04","guid":{"rendered":"https:\/\/www.anoregmt.org.br\/novo\/?p=56711"},"modified":"2026-09-03T13:34:04","modified_gmt":"2026-09-03T17:34:04","slug":"senado-aprova-prazo-de-cinco-anos-para-sancoes-administrativas-contra-notarios-e-registradores","status":"publish","type":"post","link":"https:\/\/www.anoregmt.org.br\/novo\/senado-aprova-prazo-de-cinco-anos-para-sancoes-administrativas-contra-notarios-e-registradores\/","title":{"rendered":"Senado aprova prazo de cinco anos para san\u00e7\u00f5es administrativas contra not\u00e1rios e registradores"},"content":{"rendered":"<header class=\"entry-header\">\n<p class=\"entry-title\" style=\"text-align: justify;\">O Plen\u00e1rio do Senado aprovou nesta ter\u00e7a-feira (1\u00b0) o <a href=\"https:\/\/www25.senado.leg.br\/web\/atividade\/materias\/-\/materia\/173835\">PL 3.453\/2024<\/a>, projeto de lei que estabelece prazo de cinco anos para a aplica\u00e7\u00e3o de san\u00e7\u00f5es administrativas contra not\u00e1rios e registradores. A mat\u00e9ria segue para a san\u00e7\u00e3o da Presid\u00eancia da Rep\u00fablica.<\/p>\n<\/header>\n<div class=\"entry-content\">\n<p style=\"text-align: justify;\">A proposta, de autoria do deputado federal\u00a0Felipe Carreras (PSB-PE), foi aprovada pelo Senado sem altera\u00e7\u00f5es em rela\u00e7\u00e3o ao texto que passou na C\u00e2mara dos Deputados no final de abril.<\/p>\n<p style=\"text-align: justify;\">Para determinar que a a\u00e7\u00e3o para a aplica\u00e7\u00e3o das san\u00e7\u00f5es prescreva em cinco anos, contados da ocorr\u00eancia do fato, o projeto altera a\u00a0<a href=\"https:\/\/normas.leg.br\/?urn=urn:lex:br:federal:lei:1994-11-18;8935\" target=\"_blank\" rel=\"noopener\">Lei dos Cart\u00f3rios<\/a>.<\/p>\n<p style=\"text-align: justify;\">No caso das chamadas infra\u00e7\u00f5es permanentes (aquelas que se prolongam no tempo), a proposta determina que o prazo s\u00f3 come\u00e7ar\u00e1 a correr quando a irregularidade cessar \u2014 portanto, n\u00e3o haver\u00e1 contagem da prescri\u00e7\u00e3o enquanto a conduta irregular persistir.<\/p>\n<p style=\"text-align: justify;\">Not\u00e1rios e registradores s\u00e3o os respons\u00e1veis por servi\u00e7os prestados em cart\u00f3rios, como registros p\u00fablicos e atos notariais. A legisla\u00e7\u00e3o atual j\u00e1 trata das infra\u00e7\u00f5es disciplinares e das penalidades aplic\u00e1veis a esses profissionais, mas n\u00e3o define os prazos de prescri\u00e7\u00e3o nem o momento inicial de contagem dos prazos.<\/p>\n<p style=\"text-align: justify;\"><strong>Seguran\u00e7a jur\u00eddica<\/strong><\/p>\n<p style=\"text-align: justify;\">O projeto recebeu parecer favor\u00e1vel da senadora Dra. Eud\u00f3cia (PSDB-AL)\u00a0<a href=\"https:\/\/www.anoreg.org.br\/noticias\/materias\/2026\/08\/12\/prazo-de-cinco-anos-para-sancoes-a-notarios-e-registradores-vai-a-plenario\" target=\"_blank\" rel=\"noopener\">durante sua an\u00e1lise na Comiss\u00e3o de Constitui\u00e7\u00e3o, Justi\u00e7a e Cidadania (CCJ)<\/a>.<\/p>\n<p style=\"text-align: justify;\">Durante a vota\u00e7\u00e3o em Plen\u00e1rio nesta ter\u00e7a-feira, Dra. Eud\u00f3cia destacou que o prazo de cinco anos cria um limite temporal para que o poder p\u00fablico aplique san\u00e7\u00f5es administrativas. Segundo ela, a medida traz seguran\u00e7a jur\u00eddica, pois evitar\u00e1 que not\u00e1rios e registradores permane\u00e7am indefinidamente sujeitos a puni\u00e7\u00f5es por fatos antigos.<\/p>\n<p style=\"text-align: justify;\">A senadora tamb\u00e9m afirmou que a medida pode tornar a fiscaliza\u00e7\u00e3o mais eficiente ao exigir que as autoridades respons\u00e1veis pela apura\u00e7\u00e3o e pela aplica\u00e7\u00e3o das san\u00e7\u00f5es atuem dentro do prazo estabelecido.<\/p>\n<p style=\"text-align: justify;\">\u2014 O projeto n\u00e3o impede a puni\u00e7\u00e3o por infra\u00e7\u00f5es; apenas estabelece que a apura\u00e7\u00e3o para a aplica\u00e7\u00e3o das san\u00e7\u00f5es deve ocorrer dentro do prazo prescricional \u2014 declarou ela.<\/p>\n<p style=\"text-align: justify;\"><em>Fonte: Ag\u00eancia Senado<\/em><\/p>\n<\/div>\n","protected":false},"excerpt":{"rendered":"<p>O Plen\u00e1rio do Senado aprovou nesta ter\u00e7a-feira (1\u00b0) o PL 3.453\/2024, projeto de lei que estabelece prazo de cinco anos para a aplica\u00e7\u00e3o de san\u00e7\u00f5es administrativas contra not\u00e1rios e registradores. A mat\u00e9ria segue para a san\u00e7\u00e3o da Presid\u00eancia da Rep\u00fablica. &hellip;<\/p>\n","protected":false},"author":3,"featured_media":56712,"comment_status":"closed","ping_status":"closed","sticky":false,"template":"","format":"standard","meta":{"footnotes":""},"categories":[1],"tags":[],"class_list":["post-56711","post","type-post","status-publish","format-standard","has-post-thumbnail","hentry","category-noticias"],"_links":{"self":[{"href":"https:\/\/www.anoregmt.org.br\/novo\/wp-json\/wp\/v2\/posts\/56711","targetHints":{"allow":["GET"]}}],"collection":[{"href":"https:\/\/www.anoregmt.org.br\/novo\/wp-json\/wp\/v2\/posts"}],"about":[{"href":"https:\/\/www.anoregmt.org.br\/novo\/wp-json\/wp\/v2\/types\/post"}],"author":[{"embeddable":true,"href":"https:\/\/www.anoregmt.org.br\/novo\/wp-json\/wp\/v2\/users\/3"}],"replies":[{"embeddable":true,"href":"https:\/\/www.anoregmt.org.br\/novo\/wp-json\/wp\/v2\/comments?post=56711"}],"version-history":[{"count":1,"href":"https:\/\/www.anoregmt.org.br\/novo\/wp-json\/wp\/v2\/posts\/56711\/revisions"}],"predecessor-version":[{"id":56713,"href":"https:\/\/www.anoregmt.org.br\/novo\/wp-json\/wp\/v2\/posts\/56711\/revisions\/56713"}],"wp:featuredmedia":[{"embeddable":true,"href":"https:\/\/www.anoregmt.org.br\/novo\/wp-json\/wp\/v2\/media\/56712"}],"wp:attachment":[{"href":"https:\/\/www.anoregmt.org.br\/novo\/wp-json\/wp\/v2\/media?parent=56711"}],"wp:term":[{"taxonomy":"category","embeddable":true,"href":"https:\/\/www.anoregmt.org.br\/novo\/wp-json\/wp\/v2\/categories?post=56711"},{"taxonomy":"post_tag","embeddable":true,"href":"https:\/\/www.anoregmt.org.br\/novo\/wp-json\/wp\/v2\/tags?post=56711"}],"curies":[{"name":"wp","href":"https:\/\/api.w.org\/{rel}","templated":true}]}}