{"id":56680,"date":"2026-09-01T11:11:15","date_gmt":"2026-09-01T15:11:15","guid":{"rendered":"https:\/\/www.anoregmt.org.br\/novo\/?p=56680"},"modified":"2026-09-01T11:14:34","modified_gmt":"2026-09-01T15:14:34","slug":"confranore-2026-e-bem-mato-grosso-celebracao-ganha-dress-code-inspirado-nas-raizes-e-na-identidade-mato-grossense","status":"publish","type":"post","link":"https:\/\/www.anoregmt.org.br\/novo\/confranore-2026-e-bem-mato-grosso-celebracao-ganha-dress-code-inspirado-nas-raizes-e-na-identidade-mato-grossense\/","title":{"rendered":"Confranore 2026 \u2013 \u00c9 Bem Mato Grosso: celebra\u00e7\u00e3o ganha dress code inspirado nas ra\u00edzes e na identidade mato-grossense"},"content":{"rendered":"<p style=\"text-align: justify;\"><img loading=\"lazy\" decoding=\"async\" class=\"wp-image-56683 size-full aligncenter\" src=\"https:\/\/images.anoregmt.org.br\/955a00a2a7e1478d89b1bbc7a669f517:anoregmt\/2026\/09\/Sem-titulo1.jpg\" alt=\"\" width=\"537\" height=\"595\" srcset=\"https:\/\/images.anoregmt.org.br\/955a00a2a7e1478d89b1bbc7a669f517:anoregmt\/2026\/09\/Sem-titulo1-271x300.jpg 271w, https:\/\/images.anoregmt.org.br\/955a00a2a7e1478d89b1bbc7a669f517:anoregmt\/2026\/09\/Sem-titulo1.jpg 537w\" sizes=\"auto, (max-width: 537px) 100vw, 537px\" \/><\/p>\n<p class=\"isSelectedEnd\" style=\"text-align: justify;\">O CONFRANORE \u2013 \u00c9 Bem Mato Grosso est\u00e1 chegando, e a celebra\u00e7\u00e3o promete reunir confraterniza\u00e7\u00e3o, eleg\u00e2ncia e, principalmente, a valoriza\u00e7\u00e3o da identidade mato-grossense.\u00a0Para entrar no clima da festa, o evento contar\u00e1 com um Dress Code Formal Sofisticado, pensado para traduzir, por meio da moda, a for\u00e7a, a beleza e a ess\u00eancia de Mato Grosso.<\/p>\n<p class=\"isSelectedEnd\" style=\"text-align: justify;\">A proposta une eleg\u00e2ncia e liberdade, permitindo que cada convidado componha seu visual a partir de refer\u00eancias que transitam do campo \u00e0 cidade e do tradicional ao contempor\u00e2neo.<\/p>\n<p style=\"text-align: justify;\"><strong>Uma paleta que traduz Mato Grosso<\/strong><\/p>\n<p class=\"isSelectedEnd\" style=\"text-align: justify;\">A paleta de cores sugerida para a ocasi\u00e3o re\u00fane tons que remetem \u00e0 natureza, \u00e0 terra e \u00e0 identidade regional. Entre as op\u00e7\u00f5es est\u00e3o areia, bege, off-white, terracota, ferrugem, caramelo, marrom, verde-oliva, verde-musgo, verde, dourado, cobre e turquesa.<\/p>\n<p class=\"isSelectedEnd\" style=\"text-align: justify;\">A orienta\u00e7\u00e3o \u00e9 apostar em pe\u00e7as de qualidade, tecidos nobres e acess\u00f3rios capazes de valorizar a composi\u00e7\u00e3o, mantendo o equil\u00edbrio entre sofistica\u00e7\u00e3o e personalidade.<\/p>\n<p class=\"isSelectedEnd\" style=\"text-align: justify;\">O material de inspira\u00e7\u00e3o apresenta sugest\u00f5es de looks femininos e masculinos, ajudando os participantes a encontrar uma proposta que combine com seu estilo e com a ocasi\u00e3o.<\/p>\n<p class=\"isSelectedEnd\" style=\"text-align: justify;\">Mais do que uma orienta\u00e7\u00e3o de vestimenta, o dress code faz parte da experi\u00eancia do CONFRANORE e convida cada participante a vestir, tamb\u00e9m, um pouco da hist\u00f3ria e das ra\u00edzes de Mato Grosso.<\/p>\n<p><strong>CONFRANORE \u2013 \u00c9 Bem Mato Grosso<\/strong><\/p>\n<p class=\"isSelectedEnd\" style=\"text-align: justify;\">\ud83d\udcc5 <strong>10 de outubro<\/strong><br \/>\n\ud83d\udd57 <strong>20h<\/strong><br \/>\n\ud83d\udccd <strong>Hotel Gran Odara<\/strong><\/p>\n<p class=\"isSelectedEnd\" style=\"text-align: justify;\">Do campo \u00e0 cidade, do tradicional ao contempor\u00e2neo: vista esta hist\u00f3ria!<\/p>\n<p style=\"text-align: justify;\">Confira abaixo o material de inspira\u00e7\u00e3o e prepare o seu look para celebrar o CONFRANORE com estilo e a identidade que \u00e9 bem Mato Grosso.<\/p>\n","protected":false},"excerpt":{"rendered":"<p>O CONFRANORE \u2013 \u00c9 Bem Mato Grosso est\u00e1 chegando, e a celebra\u00e7\u00e3o promete reunir confraterniza\u00e7\u00e3o, eleg\u00e2ncia e, principalmente, a valoriza\u00e7\u00e3o da identidade mato-grossense.\u00a0Para entrar no clima da festa, o evento contar\u00e1 com um Dress Code Formal Sofisticado, pensado para traduzir, &hellip;<\/p>\n","protected":false},"author":3,"featured_media":56682,"comment_status":"closed","ping_status":"closed","sticky":false,"template":"","format":"standard","meta":{"footnotes":""},"categories":[1],"tags":[],"class_list":["post-56680","post","type-post","status-publish","format-standard","has-post-thumbnail","hentry","category-noticias"],"_links":{"self":[{"href":"https:\/\/www.anoregmt.org.br\/novo\/wp-json\/wp\/v2\/posts\/56680","targetHints":{"allow":["GET"]}}],"collection":[{"href":"https:\/\/www.anoregmt.org.br\/novo\/wp-json\/wp\/v2\/posts"}],"about":[{"href":"https:\/\/www.anoregmt.org.br\/novo\/wp-json\/wp\/v2\/types\/post"}],"author":[{"embeddable":true,"href":"https:\/\/www.anoregmt.org.br\/novo\/wp-json\/wp\/v2\/users\/3"}],"replies":[{"embeddable":true,"href":"https:\/\/www.anoregmt.org.br\/novo\/wp-json\/wp\/v2\/comments?post=56680"}],"version-history":[{"count":3,"href":"https:\/\/www.anoregmt.org.br\/novo\/wp-json\/wp\/v2\/posts\/56680\/revisions"}],"predecessor-version":[{"id":56686,"href":"https:\/\/www.anoregmt.org.br\/novo\/wp-json\/wp\/v2\/posts\/56680\/revisions\/56686"}],"wp:featuredmedia":[{"embeddable":true,"href":"https:\/\/www.anoregmt.org.br\/novo\/wp-json\/wp\/v2\/media\/56682"}],"wp:attachment":[{"href":"https:\/\/www.anoregmt.org.br\/novo\/wp-json\/wp\/v2\/media?parent=56680"}],"wp:term":[{"taxonomy":"category","embeddable":true,"href":"https:\/\/www.anoregmt.org.br\/novo\/wp-json\/wp\/v2\/categories?post=56680"},{"taxonomy":"post_tag","embeddable":true,"href":"https:\/\/www.anoregmt.org.br\/novo\/wp-json\/wp\/v2\/tags?post=56680"}],"curies":[{"name":"wp","href":"https:\/\/api.w.org\/{rel}","templated":true}]}}