{"id":56677,"date":"2026-09-02T09:56:14","date_gmt":"2026-09-02T13:56:14","guid":{"rendered":"https:\/\/www.anoregmt.org.br\/novo\/?p=56677"},"modified":"2026-09-02T09:56:14","modified_gmt":"2026-09-02T13:56:14","slug":"eleicoes-anoreg-mt-2026-inscricoes-para-registro-de-chapas-comecam-nesta-semana","status":"publish","type":"post","link":"https:\/\/www.anoregmt.org.br\/novo\/eleicoes-anoreg-mt-2026-inscricoes-para-registro-de-chapas-comecam-nesta-semana\/","title":{"rendered":"Elei\u00e7\u00f5es Anoreg-MT 2026: inscri\u00e7\u00f5es para registro de chapas come\u00e7am nesta semana"},"content":{"rendered":"<p class=\"isSelectedEnd\" style=\"text-align: justify;\">A Associa\u00e7\u00e3o dos Not\u00e1rios e Registradores do Estado de Mato Grosso (Anoreg-MT) inicia, nesta semana, uma nova etapa do processo eleitoral para escolha da Diretoria Executiva, Conselho Fiscal e Comiss\u00e3o de \u00c9tica e Disciplina da entidade.\u00a0A partir de 5 de setembro,\u00a0estar\u00e1 aberto o per\u00edodo destinado ao registro das chapas que pretendem participar das Elei\u00e7\u00f5es Anoreg-MT 2026.<\/p>\n<p class=\"isSelectedEnd\" style=\"text-align: justify;\">A entidade orienta os not\u00e1rios e registradores interessados em participar do processo eleitoral a ficarem atentos aos prazos, documentos e demais requisitos previstos nas normas que regulamentam as elei\u00e7\u00f5es.\u00a0O processo conta com Comiss\u00e3o Eleitoral formalmente constitu\u00edda e possui cronograma pr\u00f3prio para apresenta\u00e7\u00e3o dos pedidos, an\u00e1lise da documenta\u00e7\u00e3o, eventual apresenta\u00e7\u00e3o de impugna\u00e7\u00f5es, saneamento de pend\u00eancias e defini\u00e7\u00e3o das chapas aptas ao pleito.<\/p>\n<p class=\"isSelectedEnd\" style=\"text-align: justify;\">Por isso, antes de qualquer provid\u00eancia, \u00e9 importante que os interessados leiam integralmente o comunicado eleitoral e as disposi\u00e7\u00f5es estatut\u00e1rias aplic\u00e1veis, observando especialmente os requisitos relacionados ao registro das chapas e \u00e0 documenta\u00e7\u00e3o necess\u00e1ria.<\/p>\n<p class=\"isSelectedEnd\" style=\"text-align: justify;\">As comunica\u00e7\u00f5es oficiais referentes ao processo eleitoral ser\u00e3o realizadas pelo canal disponibilizado pela Anoreg-MT: <a href=\"mailto:eleicoes@anoregmt.org.br\">eleicoes@anoregmt.org.br<\/a>. A elei\u00e7\u00e3o est\u00e1 prevista para ocorrer em 26 de novembro de 2026, em formato virtual.<\/p>\n<p style=\"text-align: justify;\">\n","protected":false},"excerpt":{"rendered":"<p>A Associa\u00e7\u00e3o dos Not\u00e1rios e Registradores do Estado de Mato Grosso (Anoreg-MT) inicia, nesta semana, uma nova etapa do processo eleitoral para escolha da Diretoria Executiva, Conselho Fiscal e Comiss\u00e3o de \u00c9tica e Disciplina da entidade.\u00a0A partir de 5 de &hellip;<\/p>\n","protected":false},"author":3,"featured_media":56277,"comment_status":"closed","ping_status":"closed","sticky":false,"template":"","format":"standard","meta":{"footnotes":""},"categories":[1],"tags":[],"class_list":["post-56677","post","type-post","status-publish","format-standard","has-post-thumbnail","hentry","category-noticias"],"_links":{"self":[{"href":"https:\/\/www.anoregmt.org.br\/novo\/wp-json\/wp\/v2\/posts\/56677","targetHints":{"allow":["GET"]}}],"collection":[{"href":"https:\/\/www.anoregmt.org.br\/novo\/wp-json\/wp\/v2\/posts"}],"about":[{"href":"https:\/\/www.anoregmt.org.br\/novo\/wp-json\/wp\/v2\/types\/post"}],"author":[{"embeddable":true,"href":"https:\/\/www.anoregmt.org.br\/novo\/wp-json\/wp\/v2\/users\/3"}],"replies":[{"embeddable":true,"href":"https:\/\/www.anoregmt.org.br\/novo\/wp-json\/wp\/v2\/comments?post=56677"}],"version-history":[{"count":1,"href":"https:\/\/www.anoregmt.org.br\/novo\/wp-json\/wp\/v2\/posts\/56677\/revisions"}],"predecessor-version":[{"id":56679,"href":"https:\/\/www.anoregmt.org.br\/novo\/wp-json\/wp\/v2\/posts\/56677\/revisions\/56679"}],"wp:featuredmedia":[{"embeddable":true,"href":"https:\/\/www.anoregmt.org.br\/novo\/wp-json\/wp\/v2\/media\/56277"}],"wp:attachment":[{"href":"https:\/\/www.anoregmt.org.br\/novo\/wp-json\/wp\/v2\/media?parent=56677"}],"wp:term":[{"taxonomy":"category","embeddable":true,"href":"https:\/\/www.anoregmt.org.br\/novo\/wp-json\/wp\/v2\/categories?post=56677"},{"taxonomy":"post_tag","embeddable":true,"href":"https:\/\/www.anoregmt.org.br\/novo\/wp-json\/wp\/v2\/tags?post=56677"}],"curies":[{"name":"wp","href":"https:\/\/api.w.org\/{rel}","templated":true}]}}