{"id":56670,"date":"2026-08-31T14:14:11","date_gmt":"2026-08-31T18:14:11","guid":{"rendered":"https:\/\/www.anoregmt.org.br\/novo\/?p=56670"},"modified":"2026-08-31T14:14:11","modified_gmt":"2026-08-31T18:14:11","slug":"4o-exame-nacional-dos-cartorios-abre-inscricoes-nesta-segunda-feira-31-8","status":"publish","type":"post","link":"https:\/\/www.anoregmt.org.br\/novo\/4o-exame-nacional-dos-cartorios-abre-inscricoes-nesta-segunda-feira-31-8\/","title":{"rendered":"4\u00ba Exame Nacional dos Cart\u00f3rios abre inscri\u00e7\u00f5es nesta segunda-feira (31\/8)"},"content":{"rendered":"<p style=\"text-align: justify;\"><span data-contrast=\"auto\">Est\u00e3o abertas, a partir desta segunda-feira (31\/8), as inscri\u00e7\u00f5es para o 4\u00ba Exame Nacional dos Cart\u00f3rios (Enac), promovido pelo Conselho Nacional de Justi\u00e7a (CNJ) em parceria com a Funda\u00e7\u00e3o Getulio Vargas (FGV). Os interessados t\u00eam at\u00e9 as 16h de 29 de setembro para se inscrever, por meio do portal da FGV.<\/span><\/p>\n<p style=\"text-align: justify;\"><span data-contrast=\"auto\">O Enac \u00e9 requisito para quem pretende participar de concursos p\u00fablicos para outorga de delega\u00e7\u00f5es de servi\u00e7os notariais e de registro promovidos pelos tribunais de justi\u00e7a dos estados e do Distrito Federal, tanto para ingresso quanto para remo\u00e7\u00e3o.<\/span><\/p>\n<p style=\"text-align: justify;\"><span data-contrast=\"auto\">A 4\u00aa edi\u00e7\u00e3o do exame ser\u00e1 a primeira realizada de acordo com as regras da Resolu\u00e7\u00e3o\u00a0<\/span><span data-contrast=\"auto\">CNJ n. 696\/2026, que regulamenta os concursos para escolha de respons\u00e1veis pelos cart\u00f3rios de notas e de registro, mediante provas e avalia\u00e7\u00e3o de t\u00edtulos.<\/span><\/p>\n<p style=\"text-align: justify;\"><b><span data-contrast=\"auto\">Prova<\/span><\/b><\/p>\n<p style=\"text-align: justify;\"><span data-contrast=\"auto\">Com taxa de inscri\u00e7\u00e3o de R$ 150, o exame ter\u00e1 prova objetiva, de car\u00e1ter eliminat\u00f3rio, no dia 22 de novembro de 2026, em todas as capitais do pa\u00eds. A avalia\u00e7\u00e3o ser\u00e1 realizada em etapa \u00fanica, com 100 quest\u00f5es de m\u00faltipla escolha e dura\u00e7\u00e3o de cinco horas, das 14h \u00e0s 19h (hor\u00e1rio de Bras\u00edlia).<\/span><\/p>\n<p style=\"text-align: justify;\"><span data-contrast=\"auto\">Para obter a habilita\u00e7\u00e3o, ser\u00e1 necess\u00e1rio acertar pelo menos 60 quest\u00f5es. Para candidatos que concorrem \u00e0s vagas reservadas a pessoas negras, ind\u00edgenas, quilombolas ou com defici\u00eancia, o m\u00ednimo ser\u00e1 de 50 acertos.<\/span><\/p>\n<p style=\"text-align: justify;\"><span data-contrast=\"auto\">Candidatos \u00e0s vagas reservadas para pessoas negras, ind\u00edgenas ou quilombolas devem observar, junto ao tribunal de justi\u00e7a do estado em que pretendem concorrer, as regras e os prazos para confirma\u00e7\u00e3o da condi\u00e7\u00e3o. O comprovante de aprova\u00e7\u00e3o no procedimento dever\u00e1 ser enviado \u00e0 FGV at\u00e9 6 de novembro de 2026.<\/span><\/p>\n<p style=\"text-align: justify;\"><span data-contrast=\"auto\">O edital prev\u00ea ainda o aproveitamento de comprovantes de heteroidentifica\u00e7\u00e3o emitidos nos 1\u00ba, 2\u00ba ou 3\u00ba ENAC e no Exame Nacional da Magistratura (Enam), desde que seja mantida a mesma unidade da Federa\u00e7\u00e3o.<\/span><\/p>\n<p style=\"text-align: justify;\"><b><span data-contrast=\"auto\">Quem pode participar<\/span><\/b><\/p>\n<p style=\"text-align: justify;\"><span data-contrast=\"auto\">Podem se inscrever bachar\u00e9is em Direito ou pessoas que tenham exercido atividade em servi\u00e7os notariais e de registro por pelo menos 10 anos. Os requisitos de forma\u00e7\u00e3o ou experi\u00eancia profissional dever\u00e3o ser comprovados at\u00e9 6 de novembro de 2026.<\/span><\/p>\n<p style=\"text-align: justify;\"><span data-contrast=\"auto\">O certificado de habilita\u00e7\u00e3o ter\u00e1 validade de seis anos e permitir\u00e1 ao candidato se inscrever nos concursos para cart\u00f3rios promovidos pelos tribunais de justi\u00e7a dos estados e do Distrito Federal.<\/span><\/p>\n<p style=\"text-align: justify;\"><a href=\"https:\/\/conhecimento.fgv.br\/sites\/default\/files\/concursos\/minuta-edital-enac-2026.2-27.08.26-versao-final.pdf?utm_source=chatgpt.com\"><span data-contrast=\"none\">Leia a \u00edntegra do edital do 4\u00ba ENAC<\/span><\/a><span data-contrast=\"auto\">.<\/span><\/p>\n<p style=\"text-align: justify;\"><b><span data-contrast=\"none\">Servi\u00e7o:<br \/>\n<\/span><\/b><b><span data-contrast=\"auto\">4\u00ba Exame Nacional dos Cart\u00f3rios (ENAC \u2013 2026.2)<\/span><\/b><span data-ccp-props=\"{&quot;134233117&quot;:false,&quot;134233118&quot;:false,&quot;335551550&quot;:6,&quot;335551620&quot;:6,&quot;335559738&quot;:240,&quot;335559739&quot;:240}\"><br \/>\n<\/span>Inscri\u00e7\u00f5es:<span data-contrast=\"auto\">\u00a0de 31\/8\/2026 at\u00e9 \u00e0s 16h de 29\/9\/2026, no portal da FGV.<\/span><span data-ccp-props=\"{&quot;134233117&quot;:false,&quot;134233118&quot;:false,&quot;335551550&quot;:6,&quot;335551620&quot;:6,&quot;335559738&quot;:240,&quot;335559739&quot;:240}\"><br \/>\n<\/span>Taxa:<span data-contrast=\"auto\">\u00a0R$ 150, com pagamento at\u00e9 30\/9\/2026.<\/span><span data-ccp-props=\"{&quot;134233117&quot;:false,&quot;134233118&quot;:false,&quot;335551550&quot;:6,&quot;335551620&quot;:6,&quot;335559738&quot;:240,&quot;335559739&quot;:240}\"><br \/>\n<\/span>Prova:<span data-contrast=\"auto\">\u00a022\/11\/2026, das 14h \u00e0s 19h (hor\u00e1rio de Bras\u00edlia), em todas as capitais do pa\u00eds.<\/span><\/p>\n<p style=\"text-align: justify;\"><em>Fonte: Ag\u00eancia CNJ de Not\u00edcias<\/em><\/p>\n","protected":false},"excerpt":{"rendered":"<p>Est\u00e3o abertas, a partir desta segunda-feira (31\/8), as inscri\u00e7\u00f5es para o 4\u00ba Exame Nacional dos Cart\u00f3rios (Enac), promovido pelo Conselho Nacional de Justi\u00e7a (CNJ) em parceria com a Funda\u00e7\u00e3o Getulio Vargas (FGV). Os interessados t\u00eam at\u00e9 as 16h de 29 &hellip;<\/p>\n","protected":false},"author":3,"featured_media":56671,"comment_status":"closed","ping_status":"closed","sticky":false,"template":"","format":"standard","meta":{"footnotes":""},"categories":[1],"tags":[],"class_list":["post-56670","post","type-post","status-publish","format-standard","has-post-thumbnail","hentry","category-noticias"],"_links":{"self":[{"href":"https:\/\/www.anoregmt.org.br\/novo\/wp-json\/wp\/v2\/posts\/56670","targetHints":{"allow":["GET"]}}],"collection":[{"href":"https:\/\/www.anoregmt.org.br\/novo\/wp-json\/wp\/v2\/posts"}],"about":[{"href":"https:\/\/www.anoregmt.org.br\/novo\/wp-json\/wp\/v2\/types\/post"}],"author":[{"embeddable":true,"href":"https:\/\/www.anoregmt.org.br\/novo\/wp-json\/wp\/v2\/users\/3"}],"replies":[{"embeddable":true,"href":"https:\/\/www.anoregmt.org.br\/novo\/wp-json\/wp\/v2\/comments?post=56670"}],"version-history":[{"count":1,"href":"https:\/\/www.anoregmt.org.br\/novo\/wp-json\/wp\/v2\/posts\/56670\/revisions"}],"predecessor-version":[{"id":56672,"href":"https:\/\/www.anoregmt.org.br\/novo\/wp-json\/wp\/v2\/posts\/56670\/revisions\/56672"}],"wp:featuredmedia":[{"embeddable":true,"href":"https:\/\/www.anoregmt.org.br\/novo\/wp-json\/wp\/v2\/media\/56671"}],"wp:attachment":[{"href":"https:\/\/www.anoregmt.org.br\/novo\/wp-json\/wp\/v2\/media?parent=56670"}],"wp:term":[{"taxonomy":"category","embeddable":true,"href":"https:\/\/www.anoregmt.org.br\/novo\/wp-json\/wp\/v2\/categories?post=56670"},{"taxonomy":"post_tag","embeddable":true,"href":"https:\/\/www.anoregmt.org.br\/novo\/wp-json\/wp\/v2\/tags?post=56670"}],"curies":[{"name":"wp","href":"https:\/\/api.w.org\/{rel}","templated":true}]}}